{"id":75,"date":"2020-03-24T15:26:00","date_gmt":"2020-03-24T15:26:00","guid":{"rendered":"http:\/\/golden-fahrnau.de\/?p=75"},"modified":"2020-08-24T15:31:05","modified_gmt":"2020-08-24T15:31:05","slug":"die-zeit-der-trauer","status":"publish","type":"post","link":"http:\/\/lawn-valley.de\/?p=75","title":{"rendered":"Die Zeit der Trauer"},"content":{"rendered":"\n<p>Balu hat eine gro\u00dfe L\u00fccke hinterlassen &#8211; die Trauer war gro\u00df &#8211; f\u00fcr uns und auch f\u00fcr Simba.<br>In den Alltag zu finden schien uns unm\u00f6glich.<br>Er war \u00fcberall gegenw\u00e4rtig. Man nimmt nur eine Leine zum Gassi aus dem K\u00f6rbchen, man f\u00fcllt nur einen Napf. Das morgendliche Hallo fehlte ebenso wie der vertraute Duft des Fells.<br>Unz\u00e4hlige kleine Dinge waren auf einmal anders.<br>Simba trauerte ebenfalls sehr, auf den Gassirunden n\u00e4herte er sich pl\u00f6tzlich selbst bekannten Hunden nur sehr z\u00f6gernd &#8211; immer darauf wartend, dass sein gro\u00dfer Balu den Anfang machte. Fast 4 Wochen dauerte es, bis er wieder selbstbewusst wurde. Aber Freude zeigte er kaum, man sp\u00fcrte deutlich den Verlust, den er verkraften musste. Sein bester Freund war nicht mehr da.<br>Dazu kam, das er wegen Lahmheit keine Dummys mehr jagen dufte, keinem Ball hinterher st\u00fcrmen, gleichm\u00e4\u00dfige kr\u00e4ftige Bewegung kann sooooo  \u00f6de sein. Wer sagt, Hunde k\u00f6nnten nicht depressiv werden?<br>Langsam, im Dezember, begann er das Prinzen-Dasein zu genie\u00dfen. Jedoch war an ordentliche Auslastung noch immer nicht zu denken. Wir wussten noch immer nicht, was die Ursache war, nur, dass beide Schultergelenke entz\u00fcndet waren.<br>Letztendlich gab unsere Physiotherapeutin den richtigen Hinweis: Bizepssehne, dazu noch ein Gelenkerguss.<br>Wir entschieden uns dazu, es mit Blutegeln zu probieren (Bine und Blutegel, was macht man nicht Alles, damit es dem Hund besser geht&#8230;.), dazu Elektrotherapie.<br>Und siehe da, es wurde besser. Simba lief wieder ohne zu lahmen, liebte wieder das Rennen, jagte wieder Dummys hinterher und hatte wieder Freude am Leben. Aber nicht nur, weil er die Schmerzen endlich los war, sondern weil im Februar etwas Wunderbares geschah: Yuna&#8230;..<\/p>\n","protected":false},"excerpt":{"rendered":"<p>Balu hat eine gro\u00dfe L\u00fccke hinterlassen &#8211; die Trauer war gro\u00df &#8211; f\u00fcr uns und auch f\u00fcr Simba.In den Alltag zu finden schien uns unm\u00f6glich.Er war \u00fcberall gegenw\u00e4rtig. Man nimmt nur eine Leine zum Gassi aus dem K\u00f6rbchen, man f\u00fcllt nur einen Napf. Das morgendliche Hallo fehlte ebenso wie der vertraute Duft des Fells.Unz\u00e4hlige kleine Dinge waren auf einmal anders.Simba trauerte ebenfalls sehr, auf den Gassirunden n\u00e4herte er sich pl\u00f6tzlich selbst bekannten Hunden nur sehr z\u00f6gernd &#8211; immer darauf wartend,&#8230;<\/p>\n<p class=\"read-more\"><a class=\"btn btn-default\" href=\"http:\/\/lawn-valley.de\/?p=75\">Weiterlesen<span class=\"screen-reader-text\"> Weiterlesen<\/span><\/a><\/p>\n","protected":false},"author":1,"featured_media":0,"comment_status":"open","ping_status":"open","sticky":false,"template":"","format":"standard","meta":[],"categories":[1],"tags":[],"_links":{"self":[{"href":"http:\/\/lawn-valley.de\/index.php?rest_route=\/wp\/v2\/posts\/75"}],"collection":[{"href":"http:\/\/lawn-valley.de\/index.php?rest_route=\/wp\/v2\/posts"}],"about":[{"href":"http:\/\/lawn-valley.de\/index.php?rest_route=\/wp\/v2\/types\/post"}],"author":[{"embeddable":true,"href":"http:\/\/lawn-valley.de\/index.php?rest_route=\/wp\/v2\/users\/1"}],"replies":[{"embeddable":true,"href":"http:\/\/lawn-valley.de\/index.php?rest_route=%2Fwp%2Fv2%2Fcomments&post=75"}],"version-history":[{"count":2,"href":"http:\/\/lawn-valley.de\/index.php?rest_route=\/wp\/v2\/posts\/75\/revisions"}],"predecessor-version":[{"id":79,"href":"http:\/\/lawn-valley.de\/index.php?rest_route=\/wp\/v2\/posts\/75\/revisions\/79"}],"wp:attachment":[{"href":"http:\/\/lawn-valley.de\/index.php?rest_route=%2Fwp%2Fv2%2Fmedia&parent=75"}],"wp:term":[{"taxonomy":"category","embeddable":true,"href":"http:\/\/lawn-valley.de\/index.php?rest_route=%2Fwp%2Fv2%2Fcategories&post=75"},{"taxonomy":"post_tag","embeddable":true,"href":"http:\/\/lawn-valley.de\/index.php?rest_route=%2Fwp%2Fv2%2Ftags&post=75"}],"curies":[{"name":"wp","href":"https:\/\/api.w.org\/{rel}","templated":true}]}}