{"id":94,"date":"2020-10-12T09:53:47","date_gmt":"2020-10-12T09:53:47","guid":{"rendered":"http:\/\/lawn-valley.de\/?p=94"},"modified":"2020-12-31T10:03:30","modified_gmt":"2020-12-31T10:03:30","slug":"yunas-erste-ausstellung","status":"publish","type":"post","link":"http:\/\/lawn-valley.de\/?p=94","title":{"rendered":"Yunas erste Ausstellung"},"content":{"rendered":"\n<p>Das Jahr 2020 gestaltet sich bei Allem schwierig &#8211; in Zeiten von diesem uns\u00e4glichem Virus genannt Corona. Ausstellungen k\u00f6nnen nur im Freien stattfinden, und je nach Gef\u00e4rdungslage m\u00fcssen sie leider ganz ausfallen.<br>Unser Plan, mit Yuna in der Puppy-Class zu starten wurde somit vereitelt. <\/p>\n\n\n\n<p>Aber: am 10.10.2020 durften wir starten &#8211; in der Jugendklasse an er 1. Spezial-Rassehunde-Ausstellung des GRC in Ellwangen!<br>Yuna hat das prima gemacht, das Wetter war bescheiden, kalt, regnerisch, aber das sollte uns die Laune nicht verderben.<br>Die Corona-Verordnungen wurden eingehalten, und durch die geltenden Hygienevorschriften stand leider nur 1 Showring zur Verf\u00fcgung. Somit waren wir am Nachmittag dran.<br>Nicht schlimm, denn wir durften nette Leute kennenlerne und hatten auch endlich ein Wiedersehen mit unseren Z\u00fcchtern Petra und Robert Haas.<\/p>\n\n\n\n<p>Unser Ergebnis: vorz\u00fcglich<\/p>\n\n\n\n<p>Richterbericht:9 Monate alte H\u00fcndin von vorz\u00fcglichem Typ, kurzes kompaktes Geb\u00e4ude, sehr sch\u00f6ne Gr\u00f6\u00dfe, femininer ausdrucksvoller Kopf, kr\u00e4ftiger Hals, vorz. Nacken-R\u00fcckenlinie, schr\u00e4ge Schulter, sehr gut gelagerter Oberarm, f\u00fcr das Alter schon sehr gut entwickelter Rippenkorb, etwas aufgezogene unter Linie, vorz. Hinterhandwinkelung, traumhaft sch\u00f6nes Haarkleid, parallele fl\u00fcssige Bewegung, sehr unkompliziertes offenes Verhalten.<br>Richterin: Petra Bannach<\/p>\n\n\n\n<p><\/p>\n","protected":false},"excerpt":{"rendered":"<p>Das Jahr 2020 gestaltet sich bei Allem schwierig &#8211; in Zeiten von diesem uns\u00e4glichem Virus genannt Corona. Ausstellungen k\u00f6nnen nur im Freien stattfinden, und je nach Gef\u00e4rdungslage m\u00fcssen sie leider ganz ausfallen.Unser Plan, mit Yuna in der Puppy-Class zu starten wurde somit vereitelt. Aber: am 10.10.2020 durften wir starten &#8211; in der Jugendklasse an er 1. Spezial-Rassehunde-Ausstellung des GRC in Ellwangen!Yuna hat das prima gemacht, das Wetter war bescheiden, kalt, regnerisch, aber das sollte uns die Laune nicht verderben.Die Corona-Verordnungen&#8230;<\/p>\n<p class=\"read-more\"><a class=\"btn btn-default\" href=\"http:\/\/lawn-valley.de\/?p=94\">Weiterlesen<span class=\"screen-reader-text\"> Weiterlesen<\/span><\/a><\/p>\n","protected":false},"author":1,"featured_media":95,"comment_status":"open","ping_status":"open","sticky":false,"template":"","format":"standard","meta":[],"categories":[1],"tags":[],"_links":{"self":[{"href":"http:\/\/lawn-valley.de\/index.php?rest_route=\/wp\/v2\/posts\/94"}],"collection":[{"href":"http:\/\/lawn-valley.de\/index.php?rest_route=\/wp\/v2\/posts"}],"about":[{"href":"http:\/\/lawn-valley.de\/index.php?rest_route=\/wp\/v2\/types\/post"}],"author":[{"embeddable":true,"href":"http:\/\/lawn-valley.de\/index.php?rest_route=\/wp\/v2\/users\/1"}],"replies":[{"embeddable":true,"href":"http:\/\/lawn-valley.de\/index.php?rest_route=%2Fwp%2Fv2%2Fcomments&post=94"}],"version-history":[{"count":1,"href":"http:\/\/lawn-valley.de\/index.php?rest_route=\/wp\/v2\/posts\/94\/revisions"}],"predecessor-version":[{"id":96,"href":"http:\/\/lawn-valley.de\/index.php?rest_route=\/wp\/v2\/posts\/94\/revisions\/96"}],"wp:featuredmedia":[{"embeddable":true,"href":"http:\/\/lawn-valley.de\/index.php?rest_route=\/wp\/v2\/media\/95"}],"wp:attachment":[{"href":"http:\/\/lawn-valley.de\/index.php?rest_route=%2Fwp%2Fv2%2Fmedia&parent=94"}],"wp:term":[{"taxonomy":"category","embeddable":true,"href":"http:\/\/lawn-valley.de\/index.php?rest_route=%2Fwp%2Fv2%2Fcategories&post=94"},{"taxonomy":"post_tag","embeddable":true,"href":"http:\/\/lawn-valley.de\/index.php?rest_route=%2Fwp%2Fv2%2Ftags&post=94"}],"curies":[{"name":"wp","href":"https:\/\/api.w.org\/{rel}","templated":true}]}}